{"id":632,"date":"2023-07-13T11:41:12","date_gmt":"2023-07-13T11:41:12","guid":{"rendered":"http:\/\/bmradvogadosassociados.com.br\/wfe\/?p=632"},"modified":"2023-07-13T11:41:44","modified_gmt":"2023-07-13T11:41:44","slug":"e-instrumento-errado-reclamacao-trabalhista-nao-pode-ser-utilizada-como-recurso-decide-tst","status":"publish","type":"post","link":"https:\/\/bmradvogadosassociados.com.br\/wfe\/e-instrumento-errado-reclamacao-trabalhista-nao-pode-ser-utilizada-como-recurso-decide-tst\/","title":{"rendered":"\u00c9 INSTRUMENTO ERRADO: Reclama\u00e7\u00e3o trabalhista n\u00e3o pode ser utilizada como recurso, decide TST"},"content":{"rendered":"<p>A Subse\u00e7\u00e3o I Especializada em Diss\u00eddios Individuais (SDI-1) do Tribunal Superior do Trabalho (TST) proferiu uma decis\u00e3o afirmando que a reclama\u00e7\u00e3o trabalhista, a\u00e7\u00e3o aut\u00f4noma destinada a preservar a compet\u00eancia dos tribunais e a autoridade de suas decis\u00f5es, n\u00e3o pode ser utilizada como recurso. A controv\u00e9rsia surgiu a partir de uma reclama\u00e7\u00e3o apresentada pelo munic\u00edpio de Pirassununga (SP) contra uma decis\u00e3o que concedeu reajuste salarial a um motorista com base em lei municipal.<\/p>\n<p>A reclama\u00e7\u00e3o trabalhista tem como objetivo principal resguardar a compet\u00eancia e a autoridade das decis\u00f5es do tribunal, promovendo a seguran\u00e7a jur\u00eddica. Trata-se de uma a\u00e7\u00e3o independente e n\u00e3o um recurso, mesmo que esteja relacionada a um processo em andamento. Seu fundamento reside no descumprimento ou m\u00e1 aplica\u00e7\u00e3o de s\u00famulas ou precedentes. Essa modalidade de a\u00e7\u00e3o foi estabelecida no \u00e2mbito trabalhista pela Emenda Constitucional 92\/2016, que acrescentou o par\u00e1grafo 3\u00ba ao artigo 111-A da Constitui\u00e7\u00e3o Federal.<\/p>\n<p>No caso em quest\u00e3o, o motorista entrou com uma a\u00e7\u00e3o em 2017, alegando que n\u00e3o havia recebido o reajuste anual previsto em lei municipal em maio de 2016. Ele argumentou que o reajuste s\u00f3 n\u00e3o seria devido caso as despesas totais com pessoal excedessem 95% do limite, o que n\u00e3o ocorreu naquele ano. O ju\u00edzo de primeira inst\u00e2ncia deferiu as diferen\u00e7as pleiteadas, e a senten\u00e7a foi mantida pelo Tribunal Regional do Trabalho da 15\u00aa Regi\u00e3o (Campinas-SP).<\/p>\n<p>Em 2021, o munic\u00edpio de Pirassununga apresentou uma reclama\u00e7\u00e3o trabalhista, buscando uma liminar, alegando que a decis\u00e3o do TRT-15 teria desrespeitado a autoridade das decis\u00f5es do TST. No entanto, a SDI-1 do TST considerou que essa reclama\u00e7\u00e3o n\u00e3o era cab\u00edvel, pois a decis\u00e3o apontada como desrespeitada n\u00e3o foi proferida em julgamento de recursos repetitivos, incidente de resolu\u00e7\u00e3o de demandas repetitivas ou incidente de assun\u00e7\u00e3o de compet\u00eancia, nos quais s\u00e3o estabelecidas teses jur\u00eddicas.<\/p>\n<p>Segundo o relator, ministro Breno Medeiros, a reclama\u00e7\u00e3o trabalhista deve observar os requisitos estabelecidos pela Instru\u00e7\u00e3o Normativa 39\/2016 do TST, que faz refer\u00eancia aos artigos 988 a 993 do C\u00f3digo de Processo Civil. Esses artigos exigem que haja debate sobre a aplica\u00e7\u00e3o indevida de uma tese jur\u00eddica e sua n\u00e3o aplica\u00e7\u00e3o aos casos correspondentes. No entanto, no presente caso, a decis\u00e3o da SDI-1 que supostamente foi desrespeitada n\u00e3o foi proferida em um desses contextos.<\/p>\n<p>O ministro ressaltou que a reclama\u00e7\u00e3o foi apresentada pelo munic\u00edpio como um substituto para recurso, buscando de forma indireta a revis\u00e3o e a reforma da decis\u00e3o do TRT dentro de sua compet\u00eancia regular. Ele destacou que n\u00e3o havia um conflito de compet\u00eancia em discuss\u00e3o no \u00e2mbito do TST que envolvesse as partes interessadas, e que o caso estava restrito \u00e0 jurisdi\u00e7\u00e3o local. A decis\u00e3o foi un\u00e2nime.<\/p>\n<p>Fonte: https:\/\/jurinews.com.br\/<\/p>\n","protected":false},"excerpt":{"rendered":"<p>A Subse\u00e7\u00e3o I Especializada em Diss\u00eddios Individuais (SDI-1) do Tribunal Superior do Trabalho (TST) proferiu uma decis\u00e3o afirmando que a reclama\u00e7\u00e3o trabalhista, a\u00e7\u00e3o aut\u00f4noma destinada a preservar a compet\u00eancia dos tribunais e a autoridade de suas decis\u00f5es, n\u00e3o pode ser utilizada como recurso. A controv\u00e9rsia surgiu a partir de uma reclama\u00e7\u00e3o apresentada pelo munic\u00edpio de [&hellip;]<\/p>\n","protected":false},"author":1,"featured_media":633,"comment_status":"open","ping_status":"open","sticky":false,"template":"","format":"standard","meta":[],"categories":[4],"tags":[],"gutentor_comment":0,"_links":{"self":[{"href":"https:\/\/bmradvogadosassociados.com.br\/wfe\/wp-json\/wp\/v2\/posts\/632"}],"collection":[{"href":"https:\/\/bmradvogadosassociados.com.br\/wfe\/wp-json\/wp\/v2\/posts"}],"about":[{"href":"https:\/\/bmradvogadosassociados.com.br\/wfe\/wp-json\/wp\/v2\/types\/post"}],"author":[{"embeddable":true,"href":"https:\/\/bmradvogadosassociados.com.br\/wfe\/wp-json\/wp\/v2\/users\/1"}],"replies":[{"embeddable":true,"href":"https:\/\/bmradvogadosassociados.com.br\/wfe\/wp-json\/wp\/v2\/comments?post=632"}],"version-history":[{"count":1,"href":"https:\/\/bmradvogadosassociados.com.br\/wfe\/wp-json\/wp\/v2\/posts\/632\/revisions"}],"predecessor-version":[{"id":634,"href":"https:\/\/bmradvogadosassociados.com.br\/wfe\/wp-json\/wp\/v2\/posts\/632\/revisions\/634"}],"wp:featuredmedia":[{"embeddable":true,"href":"https:\/\/bmradvogadosassociados.com.br\/wfe\/wp-json\/wp\/v2\/media\/633"}],"wp:attachment":[{"href":"https:\/\/bmradvogadosassociados.com.br\/wfe\/wp-json\/wp\/v2\/media?parent=632"}],"wp:term":[{"taxonomy":"category","embeddable":true,"href":"https:\/\/bmradvogadosassociados.com.br\/wfe\/wp-json\/wp\/v2\/categories?post=632"},{"taxonomy":"post_tag","embeddable":true,"href":"https:\/\/bmradvogadosassociados.com.br\/wfe\/wp-json\/wp\/v2\/tags?post=632"}],"curies":[{"name":"wp","href":"https:\/\/api.w.org\/{rel}","templated":true}]}}