{"id":659,"date":"2023-11-27T11:43:48","date_gmt":"2023-11-27T11:43:48","guid":{"rendered":"http:\/\/bmradvogadosassociados.com.br\/wfe\/?p=659"},"modified":"2023-11-27T11:45:30","modified_gmt":"2023-11-27T11:45:30","slug":"hora-atividade","status":"publish","type":"post","link":"https:\/\/bmradvogadosassociados.com.br\/wfe\/hora-atividade\/","title":{"rendered":"HORA ATIVIDADE"},"content":{"rendered":"<p>Segundo, a Lei n\u00b0 11.738\/2008, que instituiu o piso salarial profissional nacional para os profissionais do magist\u00e9rio p\u00fablico da educa\u00e7\u00e3o b\u00e1sica, regulamentando disposi\u00e7\u00e3o constitucional, em seu par\u00e1grafo 4\u00ba do artigo 2\u00ba estabeleceu a composi\u00e7\u00e3o da jornada de trabalho o limite m\u00e1ximo de 2\/3 (dois ter\u00e7os) da carga hor\u00e1ria para o desempenho das atividades de intera\u00e7\u00e3o com os educandos. Logo, 1\/3 da jornada dever\u00e1 ser dedicado \u00e0 prepara\u00e7\u00e3o de aulas e \u00e0s demais atividades fora da sala.<\/p>\n<p>Contudo, a referida Lei foi questionada judicialmente por alguns governadores de Estado, por meio de uma A\u00e7\u00e3o Direta de Inconstitucionalidade, que j\u00e1 foi julgada. O Supremo Tribunal Federal (STF) julgou a constitucionalidade da Lei do Piso Nacional dos professores, (ADI 4.167). Na decis\u00e3o, os ministros declararam a Lei Constitucional, deixando claro no julgamento que:&#8221;\u00e9 constitucional a norma geral federal que reserva o percentual m\u00ednimo de 1\/3 da carga hor\u00e1ria dos docentes da Educa\u00e7\u00e3o B\u00e1sica para dedica\u00e7\u00e3o \u00e0s atividades extraclasse&#8221;.<\/p>\n<p>No entanto, o Recurso extraordin\u00e1rio de Santa Catarina (RE 936790), Tema 958, sobre a constitucionalidade definitiva do 1\/3 de hora-atividade, o Plen\u00e1rio do Supremo Tribunal Federal (STF), por maioria, decidiu que \u00e9 constitucional a norma geral federal que reserva a fra\u00e7\u00e3o m\u00ednima de 1\/3 da carga hor\u00e1ria dos professores da Educa\u00e7\u00e3o B\u00e1sica para dedica\u00e7\u00e3o \u00e0s atividades extraclasse.<\/p>\n<p>Portanto, o cumprimento da Lei citada acima, \u00e9 obrigat\u00f3ria para todo o Pa\u00eds, isto \u00e9, prefeitos e governadores s\u00e3o obrigados a reservar de 1\/3 de hora atividade aos docentes da Educa\u00e7\u00e3o B\u00e1sica p\u00fablica. Caso, o ente p\u00fablico n\u00e3o tenha regularizado a implanta\u00e7\u00e3o aos membros do magist\u00e9rio, atuando na doc\u00eancia, os mesmos podem se valer de a\u00e7\u00e3o judicial, a fim de garantir seus direitos.<\/p>\n<p><em>Por Emerson Strapazon Oliveira \/ OAB\/RS 93.406<\/em><\/p>\n","protected":false},"excerpt":{"rendered":"<p>Segundo, a Lei n\u00b0 11.738\/2008, que instituiu o piso salarial profissional nacional para os profissionais do magist\u00e9rio p\u00fablico da educa\u00e7\u00e3o b\u00e1sica, regulamentando disposi\u00e7\u00e3o constitucional, em seu par\u00e1grafo 4\u00ba do artigo 2\u00ba estabeleceu a composi\u00e7\u00e3o da jornada de trabalho o limite m\u00e1ximo de 2\/3 (dois ter\u00e7os) da carga hor\u00e1ria para o desempenho das atividades de intera\u00e7\u00e3o [&hellip;]<\/p>\n","protected":false},"author":1,"featured_media":660,"comment_status":"open","ping_status":"open","sticky":false,"template":"","format":"standard","meta":[],"categories":[4],"tags":[39,11,9,38,40,15,13,24],"gutentor_comment":0,"_links":{"self":[{"href":"https:\/\/bmradvogadosassociados.com.br\/wfe\/wp-json\/wp\/v2\/posts\/659"}],"collection":[{"href":"https:\/\/bmradvogadosassociados.com.br\/wfe\/wp-json\/wp\/v2\/posts"}],"about":[{"href":"https:\/\/bmradvogadosassociados.com.br\/wfe\/wp-json\/wp\/v2\/types\/post"}],"author":[{"embeddable":true,"href":"https:\/\/bmradvogadosassociados.com.br\/wfe\/wp-json\/wp\/v2\/users\/1"}],"replies":[{"embeddable":true,"href":"https:\/\/bmradvogadosassociados.com.br\/wfe\/wp-json\/wp\/v2\/comments?post=659"}],"version-history":[{"count":2,"href":"https:\/\/bmradvogadosassociados.com.br\/wfe\/wp-json\/wp\/v2\/posts\/659\/revisions"}],"predecessor-version":[{"id":662,"href":"https:\/\/bmradvogadosassociados.com.br\/wfe\/wp-json\/wp\/v2\/posts\/659\/revisions\/662"}],"wp:featuredmedia":[{"embeddable":true,"href":"https:\/\/bmradvogadosassociados.com.br\/wfe\/wp-json\/wp\/v2\/media\/660"}],"wp:attachment":[{"href":"https:\/\/bmradvogadosassociados.com.br\/wfe\/wp-json\/wp\/v2\/media?parent=659"}],"wp:term":[{"taxonomy":"category","embeddable":true,"href":"https:\/\/bmradvogadosassociados.com.br\/wfe\/wp-json\/wp\/v2\/categories?post=659"},{"taxonomy":"post_tag","embeddable":true,"href":"https:\/\/bmradvogadosassociados.com.br\/wfe\/wp-json\/wp\/v2\/tags?post=659"}],"curies":[{"name":"wp","href":"https:\/\/api.w.org\/{rel}","templated":true}]}}